{"id":977,"date":"2009-04-30T22:36:13","date_gmt":"2009-04-30T21:36:13","guid":{"rendered":"http:\/\/www.seekandhit.com\/?p=977"},"modified":"2020-11-25T10:13:18","modified_gmt":"2020-11-25T09:13:18","slug":"dojmovi-s-konferencije-e-trgovina-2009","status":"publish","type":"post","link":"https:\/\/seekandhit.com\/hr\/oglasavanje\/dojmovi-s-konferencije-e-trgovina-2009\/","title":{"rendered":"Dojmovi s konferencije E-trgovina 2009"},"content":{"rendered":"<p><img loading=\"lazy\" class=\"alignnone size-large wp-image-978\" title=\"2863_87410897175_613177175_2511272_1819250_n\" src=\"http:\/\/www.seekandhit.com\/wp-content\/uploads\/2009\/04\/2863_87410897175_613177175_2511272_1819250_n-395x123.jpg\" alt=\"2863_87410897175_613177175_2511272_1819250_n\" width=\"395\" height=\"123\" \/><\/p>\n<p>Posljednjih dana objavljen je dobar broj postova, <a rel=\"nofollow\" href=\"http:\/\/search.twitter.com\/search?q=%23etrgovina09\">tweetova<\/a> i <a rel=\"nofollow\" href=\"http:\/\/www.flickr.com\/photos\/seohrblog\/sets\/72157617246917931\/\">fotografija<\/a> na temu ovogodi\u0161nje E-trgovine, tako da ste mogli \u010ditati o konferenciji kod <a href=\"http:\/\/www.draganvaragic.com\/weblog\/index.php\/1030\/licni-pogled-na-konferenciju-e-trgovina-2009\/\">Dragana<\/a>, <a href=\"http:\/\/www.seo.hr\/blog\/517\/osvrt-na-konferenciju-etrgovina-2009\">Brune<\/a>, ispratiti vrlo <a href=\"http:\/\/www.itdogadjaji.com\/e-trgovina-2009\/\">detaljne sa\u017eetke konferencije od strane ITDoga\u0111aja<\/a>, te cijelu konferenciju ispratiti u\u017eivo putem Twittera ili video prijenosa.\u00a0<\/p>\n<p>Sve ovo daje E-trgovini za pravo da je okarakteriziram kao vode\u0107u konferenciju iz ove bran\u0161e na na\u0161im prostorima (Web.start je vjerojatno jedini koji joj po kvaliteti mo\u017ee stati uz bok). \u00a0No veliki plus na stranu E-trgovine definitivno daje lokacija na kojoj se odr\u017eava (Pali\u0107). To ujedno zna\u010di da trodnevni format konferencije izvanredno iskori\u0161tava sve prednosti takve lokacije, te sudionicima daje mogu\u0107nost da se odmore, dru\u017ee i upoznaju s drugim sudionicima, te u\u017eivaju u dobroj hrani.<\/p>\n<p>S obzirom da su najinteresantnija (najkorisnija) predavanja s konferencije spomenuta vi\u0161e puta posljednjih dana, istaknuti \u0107u (samo) dva \u2014 predavanje Dragana Varagi\u0107a (\u0160ta je Content Marketing Management?) te Vladimira \u017divaljevi\u0107a (<a href=\"http:\/\/www.itdogadjaji.com\/2009\/04\/22\/komercijalno-upravljanje-sadrzajem-vladimir-zivaljevic\/\">Komercijalno upravljanje sadr\u017eajem<\/a>), dok ostale, moram jo\u0161 jednom spomenuti, mo\u017eete prona\u0107i na stranicama <a href=\"http:\/\/www.itdogadjaji.com\/e-trgovina-2009\/\">ITDoga\u0111aja<\/a> koji su stvarno odradili ogroman posao isprativ\u0161i cijelu konferenciju u pisanom obliku!<\/p>\n<p>Naravno, kako to obi\u010dno biva, dio koji je bio najinteresantniji su ljudi koji su sudjelovali na samoj konferenciji, tako da mi je izuzetno drago \u0161to sam imao priliku <em>pro\u0107akulati <\/em>s<a href=\"http:\/\/www.activecollab.com\"> Ilijom i Goranom<\/a>, <a href=\"http:\/\/www.eniax.net\">Neboj\u0161om<\/a>, <a href=\"http:\/\/draganvaragic.com\/weblog\/\">Draganom<\/a>, <a href=\"http:\/\/www.seo.hr\">Brunom<\/a>, <a href=\"http:\/\/snaxors.com\/blog\/\">Tonijem<\/a>, <a href=\"http:\/\/internaut.com.hr\/blog\/\">Stjepanom<\/a>, ekipom iz <a href=\"http:\/\/www.allianzdirect.hr\">Allianz Directa<\/a> (Filip, Jasmina i Robert), ekipom <a href=\"http:\/\/www.inchoo.net\">Inchoo<\/a>-a (ima ih puno \ud83d\ude09 ), ekipom iz <a href=\"http:\/\/www.etarget.hr\">Etargeta<\/a> (Vlastimir, Jelena i Marek), te jo\u0161 zbilja velikim brojem ljudi (neka se ne naljute oni koje nisam istaknuo).<\/p>\n","protected":false},"excerpt":{"rendered":"<p>Posljednjih dana objavljen je dobar broj postova, <a href=\"http:\/\/search.twitter.com\/search?q=%23etrgovina09\">tweetova<\/a> i <a href=\"http:\/\/www.flickr.com\/photos\/seohrblog\/sets\/72157617246917931\/\">fotografija<\/a> na temu ovogodi\u0161nje E-trgovine, tako da ste mogli \u010ditati o konferenciji kod <a href=\"http:\/\/www.draganvaragic.com\/weblog\/index.php\/1030\/licni-pogled-na-konferenciju-e-trgovina-2009\/\">Dragana<\/a>, <a href=\"http:\/\/www.seo.hr\/blog\/517\/osvrt-na-konferenciju-etrgovina-2009\">Brune<\/a>, ispratiti vrlo <a href=\"http:\/\/www.itdogadjaji.com\/e-trgovina-2009\/\">detaljne sa\u017eetke konferencije od strane ITDoga\u0111aja<\/a>, te cijelu konferenciju ispratiti u\u017eivo putem Twittera ili video prijenosa. <\/p>\n","protected":false},"author":2,"featured_media":0,"comment_status":"open","ping_status":"open","sticky":false,"template":"","format":"standard","meta":[],"categories":[12],"tags":[905,906,86,529,907,655],"_links":{"self":[{"href":"https:\/\/seekandhit.com\/hr\/wp-json\/wp\/v2\/posts\/977"}],"collection":[{"href":"https:\/\/seekandhit.com\/hr\/wp-json\/wp\/v2\/posts"}],"about":[{"href":"https:\/\/seekandhit.com\/hr\/wp-json\/wp\/v2\/types\/post"}],"author":[{"embeddable":true,"href":"https:\/\/seekandhit.com\/hr\/wp-json\/wp\/v2\/users\/2"}],"replies":[{"embeddable":true,"href":"https:\/\/seekandhit.com\/hr\/wp-json\/wp\/v2\/comments?post=977"}],"version-history":[{"count":1,"href":"https:\/\/seekandhit.com\/hr\/wp-json\/wp\/v2\/posts\/977\/revisions"}],"predecessor-version":[{"id":7016,"href":"https:\/\/seekandhit.com\/hr\/wp-json\/wp\/v2\/posts\/977\/revisions\/7016"}],"wp:attachment":[{"href":"https:\/\/seekandhit.com\/hr\/wp-json\/wp\/v2\/media?parent=977"}],"wp:term":[{"taxonomy":"category","embeddable":true,"href":"https:\/\/seekandhit.com\/hr\/wp-json\/wp\/v2\/categories?post=977"},{"taxonomy":"post_tag","embeddable":true,"href":"https:\/\/seekandhit.com\/hr\/wp-json\/wp\/v2\/tags?post=977"}],"curies":[{"name":"wp","href":"https:\/\/api.w.org\/{rel}","templated":true}]}}